{"id":26326,"date":"2020-04-29T00:00:00","date_gmt":"2020-04-28T22:00:00","guid":{"rendered":"https:\/\/www.fluidra.com\/press-release\/fundacio-fluidra-reafirma-su-compromiso-con-senegal-ante-la-llegada-del-covid-19\/"},"modified":"2020-04-29T00:00:00","modified_gmt":"2020-04-28T22:00:00","slug":"fundacio-fluidra-reafirma-su-compromiso-con-senegal-ante-la-llegada-del-covid-19","status":"publish","type":"press-release","link":"https:\/\/www.fluidra.com\/es\/sala-de-prensa\/nota-de-prensa\/fundacio-fluidra-reafirma-su-compromiso-con-senegal-ante-la-llegada-del-covid-19\/","title":{"rendered":"Fundaci\u00f3 Fluidra reafirma su compromiso con Senegal ante la llegada del COVID-19"},"content":{"rendered":"<div class=\"u-wysiwyg\">\n<p style=\"margin-left:0cm; margin-right:0cm\">Dada la expansi\u00f3n del COVID-19 que est\u00e1 teniendo lugar tambi\u00e9n en \u00c1frica, Fundaci\u00f3 Fluidra continua apostando por el proyecto KAG-25 para ayudar a empoderar a la poblaci\u00f3n de Karang (Senegal) facilit\u00e1ndoles conocimiento, formaci\u00f3n y tecnolog\u00edas agrarias. De este modo, pueden aprender las t\u00e9cnicas necesarias para garantizar el autoabastecimiento, trabajando sobre producciones aut\u00f3ctonas orientadas hacia un modelo eficiente y sostenible.<\/p>\n<p style=\"margin-left:0cm; margin-right:0cm\">Actualmente la pandemia empieza a asomarse a Senegal y, aunque por el momento se trata de casos aislados, el gobierno ha decretado la suspensi\u00f3n de la formaci\u00f3n educativa, la suspensi\u00f3n de los viajes a\u00e9reos internacionales y la prohibici\u00f3n de movimientos de personas y transporte interurbanos, lo que supone que la importaci\u00f3n de alimentos se dificulte. Con ello crece la relevancia del proyecto KAG-25 para la comunidad local porque permite producir una amplia variedad de productos agr\u00edcolas, entre otros, cebollas, tomates, pimientos, sand\u00edas, mijo, ma\u00edz, cacahuetes y huevos.<\/p>\n<p style=\"margin-left:0cm; margin-right:0cm\">Adem\u00e1s de esto, el proyecto contribuye a la capacitaci\u00f3n profesional de los j\u00f3venes en la zona de Karang, a la modernizaci\u00f3n de la econom\u00eda de la regi\u00f3n, a la construcci\u00f3n de infraestructuras agrarias, al empoderamiento de los colectivos en situaci\u00f3n de vulnerabilidad y a la mejora de los servicios de aguas y saneamiento.<\/p>\n<p style=\"margin-left:0cm; margin-right:0cm\">Joan Planes, presidente de la Fundaci\u00f3 Fluidra, se\u00f1ala que \u201cel estallido de la pandemia del COVID-19 puede afectar a Senegal gravemente aunque por el momento es complicado calibrar el impacto que tendr\u00e1. La poblaci\u00f3n es mayoritariamente joven, pero son pa\u00edses que tienen sistemas sanitarios precarios y grav\u00edsimos problemas de salud p\u00fablica\u201d. A lo que a\u00f1ade \u201cs\u00e9 que nuestra aportaci\u00f3n en Senegal es modesta pero tenemos la convicci\u00f3n de que todos los pasos que damos, por peque\u00f1os que sean, son un gesto de confianza en el futuro, una semilla que puede fructificar y servir como est\u00edmulo y ejemplo. La aportaci\u00f3n de la Fundaci\u00f3 Fluidra no responde a una situaci\u00f3n de emergencia puntual, sino que se trata de una apuesta a largo plazo.\u201d<\/p>\n<p style=\"margin-left:0cm; margin-right:0cm\">KAG-25 nace en 2017 de la mano de la Escuela Agraria de Karang que dirige las Escuelas P\u00edas y, hasta el momento, la Fundaci\u00f3 Fluidra ha invertido alrededor de 500.000\u20ac. Independientemente de la aportaci\u00f3n econ\u00f3mica, tambi\u00e9n se ha donado conocimiento e infraestructuras.<\/p>\n<p style=\"margin-left:0cm; margin-right:0cm\">A partir de 2020 est\u00e1 prevista una segunda fase, que se basar\u00e1 en la distribuci\u00f3n, la transformaci\u00f3n y la gesti\u00f3n de la producci\u00f3n agraria, con el fin de crear un nuevo canal de distribuci\u00f3n que ayude a los peque\u00f1os productores de la zona a distribuir sus producciones de manera m\u00e1s ventajosa.<\/p>\n","protected":false},"excerpt":{"rendered":"<p>Dada la expansi\u00f3n del COVID-19 que est\u00e1 teniendo lugar tambi\u00e9n en \u00c1frica, Fundaci\u00f3 Fluidra continua apostando por el proyecto KAG-25 para ayudar a empoderar a la poblaci\u00f3n de Karang (Senegal) facilit\u00e1ndoles conocimiento, formaci\u00f3n y tecnolog\u00edas agrarias. De este modo, pueden aprender las t\u00e9cnicas necesarias para garantizar el autoabastecimiento, trabajando sobre producciones aut\u00f3ctonas orientadas hacia un [&hellip;]<\/p>\n","protected":false},"featured_media":26327,"template":"","meta":{"_acf_changed":false},"class_list":["post-26326","press-release","type-press-release","status-publish","has-post-thumbnail","hentry"],"acf":[],"_links":{"self":[{"href":"https:\/\/www.fluidra.com\/es\/wp-json\/wp\/v2\/press-release\/26326","targetHints":{"allow":["GET"]}}],"collection":[{"href":"https:\/\/www.fluidra.com\/es\/wp-json\/wp\/v2\/press-release"}],"about":[{"href":"https:\/\/www.fluidra.com\/es\/wp-json\/wp\/v2\/types\/press-release"}],"wp:featuredmedia":[{"embeddable":true,"href":"https:\/\/www.fluidra.com\/es\/wp-json\/wp\/v2\/media\/26327"}],"wp:attachment":[{"href":"https:\/\/www.fluidra.com\/es\/wp-json\/wp\/v2\/media?parent=26326"}],"curies":[{"name":"wp","href":"https:\/\/api.w.org\/{rel}","templated":true}]}}